{"id":2823,"date":"2020-10-12T01:36:51","date_gmt":"2020-10-11T23:36:51","guid":{"rendered":"http:\/\/billys-reisen.de\/?p=2823"},"modified":"2022-05-12T22:44:52","modified_gmt":"2022-05-12T20:44:52","slug":"indiana-jones-des-journalismus-unabhaengig-investigativ-risikobereit","status":"publish","type":"post","link":"http:\/\/billys-reisen.de\/?p=2823","title":{"rendered":"&#8211; &#8211; &#8211; &#8211; INDIANA JONES DES JOURNALISMUS &#8211; &#8211; &#8211; &#8211; unabh\u00e4ngig, investigativ, risikobereit"},"content":{"rendered":"\n<p>( 14.10.20 )<\/p>\n\n\n\n<figure class=\"wp-block-image is-resized\"><img loading=\"lazy\" decoding=\"async\" src=\"https:\/\/scontent-waw1-1.xx.fbcdn.net\/v\/t1.0-9\/121512069_3756173644392820_7045442949582773299_o.jpg?_nc_cat=103&amp;_nc_sid=730e14&amp;_nc_ohc=sMd-0LBYhNMAX9mm8bu&amp;_nc_ht=scontent-waw1-1.xx&amp;oh=4400d74ccd1e912692a92f4e8a5ff1da&amp;oe=5FAF8697\" alt=\"\" width=\"486\" height=\"365\"\/><\/figure>\n\n\n\n<p>Hier demonstrierten 1943 deutsche Querdenker f\u00fcr die Freilassung von Juden &#8211; und damit gegen Hitler. Sie erhielten Platzverweise, kamen jedoch immer wieder zur\u00fcck. Bis die Regierung einlenkte.<\/p>\n\n\n\n<figure class=\"wp-block-image is-resized\"><img loading=\"lazy\" decoding=\"async\" src=\"https:\/\/scontent-waw1-1.xx.fbcdn.net\/v\/t1.0-9\/121509002_3756174371059414_3770881393106872684_o.jpg?_nc_cat=102&amp;_nc_sid=730e14&amp;_nc_ohc=80vjVPPZE5sAX9jMW6R&amp;_nc_ht=scontent-waw1-1.xx&amp;oh=eafbb884dfd7745f52da5a085c12e539&amp;oe=5FAFA59F\" alt=\"\" width=\"486\" height=\"365\"\/><\/figure>\n\n\n\n<p>( ENG. ) &#8211; ( 1943 German women &#8211; affected &amp; open-minded thinkers &#8211; protested here for the liberation of Jews &#8211; and consequently against Hitler as well. Police &amp; SS sent them away &#8211; but they returned. Again and again &#8230; until the government released all captives. )<\/p>\n\n\n\n<figure class=\"wp-block-image is-resized\"><img loading=\"lazy\" decoding=\"async\" src=\"https:\/\/scontent-waw1-1.xx.fbcdn.net\/v\/t1.0-9\/121529265_3756175021059349_5057873209922880230_o.jpg?_nc_cat=103&amp;_nc_sid=730e14&amp;_nc_ohc=AyWFwMCj_AYAX8jk8Hy&amp;_nc_ht=scontent-waw1-1.xx&amp;oh=1f7cf3fffe9788824249da45d6bda67f&amp;oe=5FB00F0B\" alt=\"\" width=\"486\" height=\"365\"\/><\/figure>\n\n\n\n<hr class=\"wp-block-separator\"\/>\n\n\n\n<p><\/p>\n\n\n\n<p>( 14.10.20 ) &#8211; Die Rosenstra\u00dfe mahnt &#8211; erfolgreicher Widerstand war und ist im Faschismus m\u00f6glich &#8211; ( D., ENG. )<\/p>\n\n\n\n<p>\u201eFreiheit und Leben kann man uns nehmen, die Ehre nicht\u201c &#8211; das waren die letzten Worte des SPD-Abgeordneten Otto Wels vor der Abstimmung zu Hitlers Erm\u00e4chtigungsgesetz vom 23.\/24. M\u00e4rz 1933 im Reichstag. Heute w\u00fcrde sich der Sozialdemokrat im Grabe umdrehen &#8211; seiner Partei konnte die Abschaffung der freiheitlich-demokratischen Grundordnung nun gar nicht mehr schnell genug gehen &#8211; allenfalls die Verschiebung auf den 25. M\u00e4rz 2020 sollte das zweite Erm\u00e4chtigungsgesetz nicht auf den belasteten Jahrestag fallen lassen. Zwar verbesserten sich damals die Lebensbedingungen der Mehrheit &#8211; f\u00fcr eine Minderheit wurde es dagegen zur Tortur. Heute sind die Folgen genau seitenverkehrt. Das k\u00f6nnte der anlaufende Milit\u00e4reinsatz im Innern bald noch viel mehr Menschen brutal vor Augen f\u00fchren, die bis heute glauben, alles w\u00fcrde sich um ein Virus drehen. Noch gibt es weder Hygiene-KZ\u00b4s, noch Impf-Euthanasie oder Infektionsschutz-Kriege &#8230; Vergleichbares stand auch Anfang der 30er nicht zur Debatte. Umso bemerkenswerter, dass es im Dritten Reich trotz &#8222;zeitweiser&#8220; Au\u00dferkraftsetzung der Versammlungsfreiheit immer wieder zu tolerierten Protesten gegen die Regierung Hitler gekommen war &#8211; M\u00fctter befreiten ihre behinderten Kinder aus den F\u00e4ngen der Beh\u00f6rden &#8230; und 1943 sogar Ehefrauen ihre j\u00fcdischen M\u00e4nner.<\/p>\n\n\n\n<figure class=\"wp-block-embed-wordpress wp-block-embed is-type-wp-embed is-provider-bitchute\"><div class=\"wp-block-embed__wrapper\">\n<iframe loading=\"lazy\" class=\"wp-embedded-content\" sandbox=\"allow-scripts\" security=\"restricted\" title=\"Die Rosenstra\u00dfe mahnt - erfolgreicher Widerstand war und ist im Faschismus m\u00f6glich - ( D., ENG. )\" width=\"459\" height=\"344\" src=\"https:\/\/www.bitchute.com\/embed\/kvseMR4qvp0a\/?feature=oembed#?secret=tZk6MxmYte\" data-secret=\"tZk6MxmYte\" frameborder=\"0\"><\/iframe>\n<\/div><\/figure>\n\n\n\n<p>( ENG. ) &#8211; ( Rose Street reminds: Successful resistance was and is possible in fascism )( Pro-Merkel organizations in Germany claim we\u00b4re not heading for dictatorship, because demonstrators against the covid coup are still free and alive. So I checked if protests took place against the Hitler regime 1933-45 &#8230; and yes, there was! Even 1943: Berlin women liberated their Jewish men from custody &#8211; without being pursued. )<\/p>\n\n\n\n<p>&#8211;&gt; <a rel=\"noreferrer noopener\" href=\"https:\/\/goo.gl\/maps\/XUTQdT45phCmWHsp9?fbclid=IwAR3LNatxmJq_jwbBRrkca8QSrulndriB4SFq98z145CrgBRChHEvoYp71b4\" target=\"_blank\">https:\/\/goo.gl\/maps\/XUTQdT45phCmWHsp9<\/a> (Geo-Link)<\/p>\n\n\n\n<p><\/p>\n\n\n\n<hr class=\"wp-block-separator\"\/>\n\n\n\n<p><\/p>\n\n\n\n<p>( 12.10.20 ) &#8211; Corona- &amp; Hexen-Wahn &#8211; gibt es historische Parallelen? <\/p>\n\n\n\n<p>+++ ( Corona &amp; witch mania of 16-17th cent. &#8211; historic parallels? ) +++<\/p>\n\n\n\n<figure class=\"wp-block-gallery columns-2 is-cropped wp-block-gallery-1 is-layout-flex wp-block-gallery-is-layout-flex\"><ul class=\"blocks-gallery-grid\"><li class=\"blocks-gallery-item\"><figure><img data-recalc-dims=\"1\" loading=\"lazy\" decoding=\"async\" width=\"640\" height=\"480\" src=\"https:\/\/i0.wp.com\/billys-reisen.de\/wp-content\/uploads\/2020\/10\/12.jpg?resize=640%2C480\" alt=\"\" data-id=\"2852\" data-full-url=\"http:\/\/billys-reisen.de\/wp-content\/uploads\/2020\/10\/12.jpg\" data-link=\"http:\/\/billys-reisen.de\/?attachment_id=2852\" class=\"wp-image-2852\" srcset=\"https:\/\/i0.wp.com\/billys-reisen.de\/wp-content\/uploads\/2020\/10\/12.jpg?resize=1024%2C768 1024w, https:\/\/i0.wp.com\/billys-reisen.de\/wp-content\/uploads\/2020\/10\/12.jpg?resize=300%2C225 300w, https:\/\/i0.wp.com\/billys-reisen.de\/wp-content\/uploads\/2020\/10\/12.jpg?resize=150%2C113 150w, https:\/\/i0.wp.com\/billys-reisen.de\/wp-content\/uploads\/2020\/10\/12.jpg?resize=768%2C576 768w, https:\/\/i0.wp.com\/billys-reisen.de\/wp-content\/uploads\/2020\/10\/12.jpg?resize=1536%2C1152 1536w, https:\/\/i0.wp.com\/billys-reisen.de\/wp-content\/uploads\/2020\/10\/12.jpg?w=1944 1944w, https:\/\/i0.wp.com\/billys-reisen.de\/wp-content\/uploads\/2020\/10\/12.jpg?w=1280 1280w\" sizes=\"auto, (max-width: 640px) 100vw, 640px\" \/><\/figure><\/li><li class=\"blocks-gallery-item\"><figure><img data-recalc-dims=\"1\" loading=\"lazy\" decoding=\"async\" width=\"640\" height=\"480\" src=\"https:\/\/i0.wp.com\/billys-reisen.de\/wp-content\/uploads\/2020\/10\/13.jpg?resize=640%2C480\" alt=\"\" data-id=\"2853\" data-full-url=\"http:\/\/billys-reisen.de\/wp-content\/uploads\/2020\/10\/13.jpg\" data-link=\"http:\/\/billys-reisen.de\/?attachment_id=2853\" class=\"wp-image-2853\" srcset=\"https:\/\/i0.wp.com\/billys-reisen.de\/wp-content\/uploads\/2020\/10\/13.jpg?resize=1024%2C768 1024w, https:\/\/i0.wp.com\/billys-reisen.de\/wp-content\/uploads\/2020\/10\/13.jpg?resize=300%2C225 300w, https:\/\/i0.wp.com\/billys-reisen.de\/wp-content\/uploads\/2020\/10\/13.jpg?resize=150%2C113 150w, https:\/\/i0.wp.com\/billys-reisen.de\/wp-content\/uploads\/2020\/10\/13.jpg?resize=768%2C576 768w, https:\/\/i0.wp.com\/billys-reisen.de\/wp-content\/uploads\/2020\/10\/13.jpg?resize=1536%2C1152 1536w, https:\/\/i0.wp.com\/billys-reisen.de\/wp-content\/uploads\/2020\/10\/13.jpg?w=1944 1944w, https:\/\/i0.wp.com\/billys-reisen.de\/wp-content\/uploads\/2020\/10\/13.jpg?w=1280 1280w\" sizes=\"auto, (max-width: 640px) 100vw, 640px\" \/><\/figure><\/li><\/ul><figcaption class=\"blocks-gallery-caption\">Ehemaliger Hinrichtungsplatz in Bernau<\/figcaption><\/figure>\n\n\n\n<p><br>Um das bis vor kurzem noch unbegreifbare Kapitel der &#8222;Hexen&#8220;-Verfolgung ranken sich falsche Tatsachen-Behauptungen, die von Schulen &amp; Medien wohl nicht zuf\u00e4llig verbreitet werden: &#8222;Fake History&#8220;. Erstens: Es war kein besonderes Ph\u00e4nomen des Mittelalters, sondern der fr\u00fchen Neuzeit. Zweitens: Es betraf in erster Linie den protestantischen Raum &#8211; und f\u00e4rbte anschlie\u00dfend nur bedingt auf die katholischen L\u00e4nder ab. Drittens: Es war nicht die Kirche, die sich diese Verfolgungen auf die Fahne schrieb, sondern weltliche Beh\u00f6rden, Gerichte, Universit\u00e4ten und Medien &#8211; also das, was wir heute als &#8222;den Staat&#8220; bezeichnen. Ihre Strategie &#8211; laut Prof. Heinsohn gezielt gegen die um Verh\u00fctung wissenden Kr\u00e4uterfrauen gerichtet, um Geburten-Raten zu erh\u00f6hen und die entstehenden Nationalstaaten demografisch abzusichern &#8211; geriet mit der Zeit au\u00dfer Kontrolle und wurde zur kollektiven Raserei vom Epochen-Wandel traumatisierter Generationen. Eine geistige Epidemie. Andere L\u00e4nder wurden &#8211; wie heute im Corona-Wahn &#8211; unter moralischen Zugzwang gesetzt, mitmachen zu m\u00fcssen. Schlafschafe, Denunzianten und Profiteure gab es damals auch. Und gerade im frisch reformierten Teil Europas &#8211; da, wo auch die Aufkl\u00e4rung anfing &#8211; f\u00fchlten sich Menschen mitgerissen, die in den k\u00fcnstlich verordneten neuen Weltbildern noch keine Wurzeln geschlagen hatten. Heute sind das jene, die ihr Heil in V\u00f6lker-Vermischung, Klima-Rettung und dem End-Sieg gegen Viren als Ersatz-Religion suchen. Unser gutes altes Leben k\u00f6nnte auf immer verloren sein &#8211; und &#8222;das Neue&#8220; werden auch die M\u00e4chtigen nicht 100-prozentig zu steuern wissen. Frei nach Clausewitz: Das einzige, was sich im Kriege planen l\u00e4sst, ist der erste Schuss.<br>&#8211;   &#8211;   &#8211;<br>( ENG. ) &#8211; ( Once more Europe turns into darkness &#8230; fear and panic of a non-existing pandemic guides millions into confusion, delusion and violence. From 1550 to 1650 communities &#8211; especially in Central &amp; Northern Europe &#8211; were hunting intensively for witches &amp; magicians &#8230; the ones who tried to exercise moderation used to be pursued as well. Tens of thousands were killed &#8211; many burned alive. It wasn\u00b4t organized by the Roman Church, but by public authorities, courts, universities &amp; media &#8211; what we do call the state today. )<\/p>\n\n\n\n<p> <\/p>\n\n\n\n<hr class=\"wp-block-separator\"\/>\n\n\n\n<p><\/p>\n\n\n\n<figure class=\"wp-block-image is-resized\"><img loading=\"lazy\" decoding=\"async\" src=\"https:\/\/scontent-waw1-1.xx.fbcdn.net\/v\/t1.0-9\/121248214_3745980815412103_7508502646319020283_n.jpg?_nc_cat=105&amp;_nc_sid=730e14&amp;_nc_ohc=my_c09mo4PIAX82EM9T&amp;_nc_ht=scontent-waw1-1.xx&amp;oh=9c27e21c3ec26a5b945e904c40f66883&amp;oe=5FA807A8\" alt=\"\" width=\"621\" height=\"453\"\/><figcaption><a rel=\"noreferrer noopener\" href=\"https:\/\/www.youtube.com\/watch?v=6Zsk6lijNDY&amp;fbclid=IwAR1257NdCITo8JVHxOv4q20ikYM1kpq18aC7UOSMNg3v5bY4nPbosWbPeGg\" target=\"_blank\">https:\/\/www.youtube.com\/watch?v=6Zsk6lijNDY<\/a><\/figcaption><\/figure>\n\n\n\n<p>( 11.10.2020 ) &#8211; YouTube gaga &#8211; Justitia &amp; ich unter Pornografie-Verdacht <\/p>\n\n\n\n<p>( ENG. ) &#8211; ( YouTube crazy &#8211; Justitia &amp; me suspected of pornography )<\/p>\n\n\n\n<p>Wegen &#8222;der beispiellosen globalen Gesundheitskrise&#8220; (wo?) holzt YouTube nun gegen alles, was nicht bei drei aufm Baum ist: Mein Vorschaubild des MH17-Videos vom 13. M\u00e4rz wurde als anz\u00fcglich bewertet &#8211; und zensiert. Nach zwei Tagen Beschwerde-Verfahren ist es nun wieder da. Nervig!<\/p>\n\n\n\n<p>&#8212;&gt; <a rel=\"noreferrer noopener\" href=\"https:\/\/www.youtube.com\/watch?v=6Zsk6lijNDY&amp;fbclid=IwAR1257NdCITo8JVHxOv4q20ikYM1kpq18aC7UOSMNg3v5bY4nPbosWbPeGg\" target=\"_blank\">https:\/\/www.youtube.com\/watch?v=6Zsk6lijNDY<\/a><\/p>\n\n\n\n<p>( Censorship on YouTube is getting out of control. For the first time a thumbnail has been deleted &#8211; for &#8222;violating community standards&#8220; &#8230; in this case for my &#8222;fruity image&#8220; with the symbol of Dutch legal system. However, for the moment it has been recovered &#8211; after 2 days of appeal procedure. Annoying. )<\/p>\n\n\n\n<figure class=\"wp-block-image\"><img decoding=\"async\" src=\"https:\/\/scontent-waw1-1.xx.fbcdn.net\/v\/t1.0-9\/121260121_3745981075412077_6350168033848196647_o.jpg?_nc_cat=106&amp;_nc_sid=730e14&amp;_nc_ohc=wkZH9owY6lcAX-KypIo&amp;_nc_ht=scontent-waw1-1.xx&amp;oh=7c6529a7a944e180ec6e4620bfda8e8f&amp;oe=5FA9F629\" alt=\"\"\/><\/figure>\n\n\n\n<figure class=\"wp-block-image\"><img decoding=\"async\" src=\"https:\/\/scontent-waw1-1.xx.fbcdn.net\/v\/t1.0-9\/121258993_3745981385412046_1483945819910827035_o.jpg?_nc_cat=110&amp;_nc_sid=730e14&amp;_nc_ohc=o59y4rWkzoQAX9tJIJv&amp;_nc_ht=scontent-waw1-1.xx&amp;oh=69d0b51879ee95cdcb39fdbbfd719600&amp;oe=5FA91AE4\" alt=\"\"\/><\/figure>\n\n\n\n<figure class=\"wp-block-image\"><img decoding=\"async\" src=\"https:\/\/scontent-waw1-1.xx.fbcdn.net\/v\/t1.0-9\/121248369_3745981558745362_8719541308726671401_o.jpg?_nc_cat=108&amp;_nc_sid=730e14&amp;_nc_ohc=-lqW4OGaA70AX-OHbdF&amp;_nc_ht=scontent-waw1-1.xx&amp;oh=64ee1fa48af1df68a8fb7fe7f88e406d&amp;oe=5FA86839\" alt=\"\"\/><\/figure>\n\n\n\n<p><\/p>\n\n\n\n<hr class=\"wp-block-separator\"\/>\n\n\n\n<p><\/p>\n\n\n\n<p>09.10.2020 &#8211; ( D., ENG. ) &#8211; Mir ist aufgefallen, dass einige Journalisten-Kollegen nicht wissen, was der D R E I S A T Z ist &#8230; damit wurde auch klar, warum sie nicht in der Lage sind, den Zusammenhang von mehr Testungen und mehr &#8222;Infektionen&#8220; zu verstehen. Also &#8230;<\/p>\n\n\n\n<figure class=\"wp-block-image\"><img decoding=\"async\" src=\"https:\/\/scontent-waw1-1.xx.fbcdn.net\/v\/t1.0-9\/121241569_3740629572613894_6588277383070774869_o.jpg?_nc_cat=102&amp;_nc_sid=730e14&amp;_nc_ohc=HiTK6u7d23gAX8oUh2d&amp;_nc_ht=scontent-waw1-1.xx&amp;oh=c960ad0311ce430006b6ce63e8e5439d&amp;oe=5FA8C791\" alt=\"\"\/><figcaption>Quelle: Robert-Koch-Institut &#8211; Netzseite https:\/\/www.rki.de\/DE\/Content\/Infekt\/EpidBull\/Archiv\/2020\/Ausgaben\/38_20.pdf?__blob=publicationFile ( S. 15 )<\/figcaption><\/figure>\n\n\n\n<p>* * * <\/p>\n\n\n\n<p>&#8211; Beispiel-Annahme von der Corona-Saison im M\u00e4rz 2020: 5% haben das Virus, 95% nicht. Bei 100.000 Testungen* und nur 1% falsch-positiver Ergebnisse hie\u00dfe dies: <\/p>\n\n\n\n<p>100.000 .\/. 100 x 5 = 5.000 entdeckte Infizierte* <\/p>\n\n\n\n<p>100.000 .\/. 100 x 1 = 1.000 entdeckte Fake-Infizierte <\/p>\n\n\n\n<p>&#8212;&#8212;&#8212;&#8212;&#8212;&#8212;&#8212;&#8212;&#8212;&#8212;&#8212;&#8212;&#8212;&#8212;&#8212;- <\/p>\n\n\n\n<p>L\u00fcgenpresse: &#8222;6.000 Infizierte, wir werden alle sterben!&#8220; <\/p>\n\n\n\n<p>* * * <\/p>\n\n\n\n<p>&#8211; Beispiel-Annahme au\u00dferhalb der Corona-Saison im September 2020: 0% haben das Virus, 100% nicht. Bei 1 Million Testungen* und nur 1 % falsch-positiver Ergebnisse hie\u00dfe dies: <\/p>\n\n\n\n<p>1.000.000 .\/. 100 x 0 = 0 entdeckte Infizierte* <\/p>\n\n\n\n<p>1.000.000 .\/. 100 x 1 = 10.000 entdeckte Fake-Infizierte <\/p>\n\n\n\n<p>&#8212;&#8212;&#8212;&#8212;&#8212;&#8212;&#8212;&#8212;&#8212;&#8212;&#8212;&#8212;&#8212;&#8212;&#8212;&#8212;&#8212;&#8212;&#8212;&#8212;- <\/p>\n\n\n\n<p>L\u00fcgenpresse: &#8222;10.000 Infizierte, der Weltuntergang ist nah &#8211; Merkel errette uns!&#8220; <\/p>\n\n\n\n<p>* * * <\/p>\n\n\n\n<p>&#8211; Beispiel-Annahme der n\u00e4chsten Corona-Saison &#8211; Covid20 &#8211; im November 2020: 5% haben das neue Virus, 95% nicht. Bei 10 Millionen Testungen* und nur 1% falsch-positiver Ergebnisse hie\u00dfe dies: <\/p>\n\n\n\n<p>10.000.000 .\/. 100 x 5 = 500.000 entdeckte Infizierte* <\/p>\n\n\n\n<p>10.000.000 .\/. 100 x 1 = 100.000 entdeckte Fake-Infizierte <\/p>\n\n\n\n<p>&#8212;&#8212;&#8212;&#8212;&#8212;&#8212;&#8212;&#8212;&#8212;&#8212;&#8212;&#8212;&#8212;&#8212;&#8212;&#8212;&#8212;&#8212;&#8212;&#8212;&#8212; <\/p>\n\n\n\n<p>L\u00fcgenpresse: &#8222;600.000 Infizierte, schlimmste Pandemie aller Zeiten &#8211; Demokratie, Freiheit und Eigentum m\u00fcssen jetzt zur\u00fcckstehen! Maulkorb &amp; Fresse halten &#8211; oder ab ins Hygiene-KZ!&#8220; <\/p>\n\n\n\n<p>* * * <\/p>\n\n\n\n<p>Quelle: https:\/\/www.rki.de\/DE\/Content\/Infekt\/EpidBull\/Archiv\/2020\/Ausgaben\/38_20.pdf?__blob=publicationFile ( S. 15 ) <\/p>\n\n\n\n<p>* * * <\/p>\n\n\n\n<p>#1933live &#8211; Wo ist Deine rote Linie? <\/p>\n\n\n\n<p>* * * <\/p>\n\n\n\n<p>* Grundannahme: Die vom Drosten-Test detektierten Aminos\u00e4ure-Reste haben tats\u00e4chlich etwas mit einem Corona-Virus zu tun. Der Regierung ist das egal. Seit Mai werden Gesunde getestet, um das Niveau k\u00fcnstlich zu halten. <\/p>\n\n\n\n<p>&#8211; &#8211; &#8211; <\/p>\n\n\n\n<p>( ENG. ) &#8211; ( This post is to demonstrate the correlation of &#8222;rising infections&#8220; with more corona tests. In Germany the amount of tests has been increased from 100,000 weekly in March up to more than a million per week now. Since May healthy people are tested. In summer there practically wasn\u00b4t any corona in Germany, because it\u00b4s not the season &#8211; but lots of positive tests, due to the fact that at least 1% always is a false positive result. Doing so you\u00b4re free to create pandemics on paper as you like. )<\/p>\n\n\n\n<p><\/p>\n\n\n\n<hr class=\"wp-block-separator\"\/>\n\n\n\n<p><\/p>\n\n\n\n<p>ANTIFA KONNTE FRIEDLICHE GRO\u1e9eKUNDGEBUNGEN AM BODENSEE NICHT VERHINDERN &#8211; &#8211; &#8211; ( D., ENG. )  &#8211; &#8211; &#8211; ( 06.10.2020 )<\/p>\n\n\n\n<figure class=\"wp-block-image size-large\"><img data-recalc-dims=\"1\" loading=\"lazy\" decoding=\"async\" width=\"617\" height=\"613\" src=\"https:\/\/i0.wp.com\/billys-reisen.de\/wp-content\/uploads\/2020\/10\/image.png?resize=617%2C613\" alt=\"\" class=\"wp-image-2824\" srcset=\"https:\/\/i0.wp.com\/billys-reisen.de\/wp-content\/uploads\/2020\/10\/image.png?w=617 617w, https:\/\/i0.wp.com\/billys-reisen.de\/wp-content\/uploads\/2020\/10\/image.png?resize=300%2C298 300w, https:\/\/i0.wp.com\/billys-reisen.de\/wp-content\/uploads\/2020\/10\/image.png?resize=150%2C150 150w\" sizes=\"auto, (max-width: 617px) 100vw, 617px\" \/><\/figure>\n\n\n\n<p>Eine Rauchbombe, viel Gegr\u00f6le und &#8222;Impfzwang bis zum Kommunismus&#8220; &#8230; doch Merkels maskierte Corona-SA blieb mit wenigen Hundert nach Konstanz beorderten St\u00f6rern in der Unterzahl. Die Re-Inszenierung der Stuttgarter Gewaltexzesse vom Mai und Juni misslang &#8211; Polizei &amp; Zivilgesellschaft blieben wachsam. Zigtausende positive Menschen waren gekommen: Deutsche, die aufgeh\u00f6rt haben, ARD &amp; Spiegel zu glauben &#8211; mit Liebe, ohne Angst. F\u00fcr mich als eher distanzierten Menschen ist 2020 eine neue Erfahrung: Noch nie habe ich so viele fremde Menschen umarmt. &#8222;Deutschland ist ein so tolles Land&#8220;, ruft die mittlerweile legend\u00e4re Masken-kritische Neurologin Dr. Margarete Griesz-Brisson der jubelnden Menge zu. Selbstversorger Robert Franz &#8211; barfu\u00df und als H\u00f6hlenmensch verkleidet &#8211; ruft zur St\u00e4rkung des Immunsystems auf. Und Hans Tolzin &#8211; wichtigster Impf-Kritiker des Landes &#8211; bleibt optimistisch: &#8222;Die Diskrepanz zwischen Tagesschau und Realit\u00e4t sorgt daf\u00fcr, dass immer mehr Leute aufwachen (&#8230;) Noch nie haben sich B\u00fcrger so sehr mit Grundrechten befasst.&#8220; Ansonsten schien nirgendwo auf meiner Deutschlandtour Feierlichkeit zum &#8222;Tag der Einheit&#8220; sichtbar &#8211; in anderen L\u00e4ndern w\u00e4re dieser Schwermut undenkbar. Und die grob 150 Kilometer lange Strecke f\u00fcr die geplante Menschenkette um den Bodensee soll an vielen Stellen nicht geschlossen gewesen sein, so die Polizei &#8211; bei mir in Bodman war sie es, soweit ich gucken konnte. Trotz wechselhaften Wetters. Myeishas g\u00f6ttlicher Gesang, Gebete von Ex-TV-Pfarrer J\u00fcrgen Fliege und der st\u00e4ndige Einsatz freiwilliger Rechtsanw\u00e4lte gegen Willk\u00fcrakte der Polizei &#8211; wie das zeitweise Stadtverbot gegen Mitveranstalter &#8222;Dee&#8220; wegen seiner angeblichen &#8222;Kampf&#8220;-Handschuhe &#8211; machen Mut. Ja, selbst bizarre Meldungen wie die von Querdenken-Initiator Michael Ballweg, der Berliner Senat plane entgegen eigener Corona-Verordnungen eine neue Mega-Party zu Silvester &#8211; nur um einen dritten &#8222;1. August&#8220; zum Jahreswechsel zu stoppen. Dabei wird die Repressionsdynamik zusehends heftiger, die Propaganda gl\u00fcht. Dr. Rainer Rothfu\u00df, Geograph, Politwissenschaftler, Friedensaktivist und AfD-Mann, ist ebenfalls vor Ort &#8230; und besorgt, was den enstehenden Kontroll-Staat anbelangt: &#8222;Die Welt wird China.&#8220; <\/p>\n\n\n\n<p>&#8211; &#8211; &#8211; <\/p>\n\n\n\n<p>&#8211; &#8211; -&gt; https:\/\/www.youtube.com\/watch?v=ATNR2I4lPZ0 <\/p>\n\n\n\n<p>( Billys\u00b4 Simultan-\u00dcbertragung ) <\/p>\n\n\n\n<p>&#8211; &#8211; &#8211; <\/p>\n\n\n\n<p>( Germany\u00b4s national holiday seemed as a day of sadness all over. The country is full of melancholy &amp; confusion &#8211; prepared for harmful political &amp; economical changes to happen soon. Still thousands met along Lake Constance &#8211; on Baden-Wuerttemberg, Bavarina, Austrian &amp; Swiss side &#8211; to protest against the ominous &#8222;covid pandemic&#8220; being used for transformation policy. The regime once more tried to use its Antifa street guerilla &#8211; but police, civil society and peaceful protestors could prevent striking violence as happening in Stuttgart, Berlin, Cologne, Frankfurt, Hamburg and Leipzig before. )<\/p>\n\n\n\n<figure class=\"wp-block-gallery columns-3 is-cropped wp-block-gallery-2 is-layout-flex wp-block-gallery-is-layout-flex\"><ul class=\"blocks-gallery-grid\"><li class=\"blocks-gallery-item\"><figure><img data-recalc-dims=\"1\" loading=\"lazy\" decoding=\"async\" width=\"576\" height=\"1024\" src=\"https:\/\/i0.wp.com\/billys-reisen.de\/wp-content\/uploads\/2020\/10\/01.jpg?resize=576%2C1024\" alt=\"\" data-id=\"2825\" data-full-url=\"http:\/\/billys-reisen.de\/wp-content\/uploads\/2020\/10\/01.jpg\" data-link=\"http:\/\/billys-reisen.de\/?attachment_id=2825\" class=\"wp-image-2825\" srcset=\"https:\/\/i0.wp.com\/billys-reisen.de\/wp-content\/uploads\/2020\/10\/01.jpg?resize=576%2C1024 576w, https:\/\/i0.wp.com\/billys-reisen.de\/wp-content\/uploads\/2020\/10\/01.jpg?resize=169%2C300 169w, https:\/\/i0.wp.com\/billys-reisen.de\/wp-content\/uploads\/2020\/10\/01.jpg?resize=84%2C150 84w, https:\/\/i0.wp.com\/billys-reisen.de\/wp-content\/uploads\/2020\/10\/01.jpg?w=720 720w\" sizes=\"auto, (max-width: 576px) 100vw, 576px\" \/><figcaption class=\"blocks-gallery-item__caption\">&#8222;Impfen bis zum Kommunismus&#8220; &#8211; Antifa will die neue Weltordnung.<br>\u2014&nbsp;in&nbsp;<strong><a href=\"https:\/\/www.facebook.com\/Konstanz-108286535862860\/?__cft__[0]=AZWzZbu1jw7f4v9iUleKLrWLjZR4jgtbngU3ydFU1G2GR36TkJyR8nrNMyRzREW9BKx5cyIw8fCGtUpX80IB6KPnJCMbtOZiVC-GnFDwudEyp35fmBWl00d1cNGpFMdlqS78KjJgPySr-mNXd36U26ShkZsIGkHVJl6EDddXxhSthQ&amp;__tn__=kC*F\">Konstanz<\/a><\/strong>.<\/figcaption><\/figure><\/li><li class=\"blocks-gallery-item\"><figure><img data-recalc-dims=\"1\" loading=\"lazy\" decoding=\"async\" width=\"640\" height=\"480\" src=\"https:\/\/i0.wp.com\/billys-reisen.de\/wp-content\/uploads\/2020\/10\/02.jpg?resize=640%2C480\" alt=\"\" data-id=\"2826\" data-full-url=\"http:\/\/billys-reisen.de\/wp-content\/uploads\/2020\/10\/02.jpg\" data-link=\"http:\/\/billys-reisen.de\/?attachment_id=2826\" class=\"wp-image-2826\" srcset=\"https:\/\/i0.wp.com\/billys-reisen.de\/wp-content\/uploads\/2020\/10\/02.jpg?resize=1024%2C768 1024w, https:\/\/i0.wp.com\/billys-reisen.de\/wp-content\/uploads\/2020\/10\/02.jpg?resize=300%2C225 300w, https:\/\/i0.wp.com\/billys-reisen.de\/wp-content\/uploads\/2020\/10\/02.jpg?resize=150%2C113 150w, https:\/\/i0.wp.com\/billys-reisen.de\/wp-content\/uploads\/2020\/10\/02.jpg?resize=768%2C576 768w, https:\/\/i0.wp.com\/billys-reisen.de\/wp-content\/uploads\/2020\/10\/02.jpg?resize=1536%2C1152 1536w, https:\/\/i0.wp.com\/billys-reisen.de\/wp-content\/uploads\/2020\/10\/02.jpg?w=1944 1944w, https:\/\/i0.wp.com\/billys-reisen.de\/wp-content\/uploads\/2020\/10\/02.jpg?w=1280 1280w\" sizes=\"auto, (max-width: 640px) 100vw, 640px\" \/><figcaption class=\"blocks-gallery-item__caption\">Kreischende Spontanversammlungen aus dem Antifa-Milieu &#8230; reden und argumentieren wollen die Halbstarken aber nicht.<br>\u2014&nbsp;in&nbsp;<strong><a href=\"https:\/\/www.facebook.com\/Konstanz-108286535862860\/?__tn__=kC*F\">Konstanz<\/a><\/strong>.<\/figcaption><\/figure><\/li><li class=\"blocks-gallery-item\"><figure><img data-recalc-dims=\"1\" loading=\"lazy\" decoding=\"async\" width=\"640\" height=\"480\" src=\"https:\/\/i0.wp.com\/billys-reisen.de\/wp-content\/uploads\/2020\/10\/03.jpg?resize=640%2C480\" alt=\"\" data-id=\"2827\" data-full-url=\"http:\/\/billys-reisen.de\/wp-content\/uploads\/2020\/10\/03.jpg\" data-link=\"http:\/\/billys-reisen.de\/?attachment_id=2827\" class=\"wp-image-2827\" srcset=\"https:\/\/i0.wp.com\/billys-reisen.de\/wp-content\/uploads\/2020\/10\/03.jpg?resize=1024%2C768 1024w, https:\/\/i0.wp.com\/billys-reisen.de\/wp-content\/uploads\/2020\/10\/03.jpg?resize=300%2C225 300w, https:\/\/i0.wp.com\/billys-reisen.de\/wp-content\/uploads\/2020\/10\/03.jpg?resize=150%2C113 150w, https:\/\/i0.wp.com\/billys-reisen.de\/wp-content\/uploads\/2020\/10\/03.jpg?resize=768%2C576 768w, https:\/\/i0.wp.com\/billys-reisen.de\/wp-content\/uploads\/2020\/10\/03.jpg?resize=1536%2C1152 1536w, https:\/\/i0.wp.com\/billys-reisen.de\/wp-content\/uploads\/2020\/10\/03.jpg?w=1944 1944w, https:\/\/i0.wp.com\/billys-reisen.de\/wp-content\/uploads\/2020\/10\/03.jpg?w=1280 1280w\" sizes=\"auto, (max-width: 640px) 100vw, 640px\" \/><figcaption class=\"blocks-gallery-item__caption\">Menschenkette um den Bodensee &#8211; hier in Bodman schien sie geschlossen zu sein.<br>\u2014&nbsp;in&nbsp;<strong><a href=\"https:\/\/www.facebook.com\/Bodman-Ludwigshafen-108174075877552\/?__tn__=kC*F\">Bodman-Ludwigshafen<\/a><\/strong><\/figcaption><\/figure><\/li><li class=\"blocks-gallery-item\"><figure><img data-recalc-dims=\"1\" loading=\"lazy\" decoding=\"async\" width=\"640\" height=\"480\" src=\"https:\/\/i0.wp.com\/billys-reisen.de\/wp-content\/uploads\/2020\/10\/04.jpg?resize=640%2C480\" alt=\"\" data-id=\"2828\" data-full-url=\"http:\/\/billys-reisen.de\/wp-content\/uploads\/2020\/10\/04.jpg\" data-link=\"http:\/\/billys-reisen.de\/?attachment_id=2828\" class=\"wp-image-2828\" srcset=\"https:\/\/i0.wp.com\/billys-reisen.de\/wp-content\/uploads\/2020\/10\/04.jpg?resize=1024%2C768 1024w, https:\/\/i0.wp.com\/billys-reisen.de\/wp-content\/uploads\/2020\/10\/04.jpg?resize=300%2C225 300w, https:\/\/i0.wp.com\/billys-reisen.de\/wp-content\/uploads\/2020\/10\/04.jpg?resize=150%2C113 150w, https:\/\/i0.wp.com\/billys-reisen.de\/wp-content\/uploads\/2020\/10\/04.jpg?resize=768%2C576 768w, https:\/\/i0.wp.com\/billys-reisen.de\/wp-content\/uploads\/2020\/10\/04.jpg?resize=1536%2C1152 1536w, https:\/\/i0.wp.com\/billys-reisen.de\/wp-content\/uploads\/2020\/10\/04.jpg?w=1944 1944w, https:\/\/i0.wp.com\/billys-reisen.de\/wp-content\/uploads\/2020\/10\/04.jpg?w=1280 1280w\" sizes=\"auto, (max-width: 640px) 100vw, 640px\" \/><figcaption class=\"blocks-gallery-item__caption\"><a href=\"https:\/\/www.facebook.com\/hans.tolzin?__tn__=-]K*F\">Hans Tolzin<\/a>&nbsp;&#8211; Deutschlands bekanntester Impfkritiker &#8211; wirbt daf\u00fcr, zur Bundestagswahl 2021 unabh\u00e4ngige Kandidaten zu w\u00e4hlen:&nbsp;<a rel=\"noreferrer noopener\" href=\"http:\/\/www.projekt-demokratie.jetzt\/?fbclid=IwAR1bHJBvXdTWeNkC6jVrItwfT_tjlpwHrmdlagRSXUXyUMf6lCvo0-WWRY4\" target=\"_blank\">www.projekt-demokratie.jetzt<\/a><br>\u2014&nbsp;in&nbsp;<strong><a href=\"https:\/\/www.facebook.com\/Konstanz-108286535862860\/?__tn__=kC*F\">Konstanz<\/a><\/strong><\/figcaption><\/figure><\/li><li class=\"blocks-gallery-item\"><figure><img data-recalc-dims=\"1\" loading=\"lazy\" decoding=\"async\" width=\"640\" height=\"480\" src=\"https:\/\/i0.wp.com\/billys-reisen.de\/wp-content\/uploads\/2020\/10\/05.jpg?resize=640%2C480\" alt=\"\" data-id=\"2829\" data-full-url=\"http:\/\/billys-reisen.de\/wp-content\/uploads\/2020\/10\/05.jpg\" data-link=\"http:\/\/billys-reisen.de\/?attachment_id=2829\" class=\"wp-image-2829\" srcset=\"https:\/\/i0.wp.com\/billys-reisen.de\/wp-content\/uploads\/2020\/10\/05.jpg?resize=1024%2C768 1024w, https:\/\/i0.wp.com\/billys-reisen.de\/wp-content\/uploads\/2020\/10\/05.jpg?resize=300%2C225 300w, https:\/\/i0.wp.com\/billys-reisen.de\/wp-content\/uploads\/2020\/10\/05.jpg?resize=150%2C113 150w, https:\/\/i0.wp.com\/billys-reisen.de\/wp-content\/uploads\/2020\/10\/05.jpg?resize=768%2C576 768w, https:\/\/i0.wp.com\/billys-reisen.de\/wp-content\/uploads\/2020\/10\/05.jpg?resize=1536%2C1152 1536w, https:\/\/i0.wp.com\/billys-reisen.de\/wp-content\/uploads\/2020\/10\/05.jpg?w=1944 1944w, https:\/\/i0.wp.com\/billys-reisen.de\/wp-content\/uploads\/2020\/10\/05.jpg?w=1280 1280w\" sizes=\"auto, (max-width: 640px) 100vw, 640px\" \/><figcaption class=\"blocks-gallery-item__caption\">Auf der Konstanzer Abschlusskundgebung mit dem engagierten YouTube-Blogger Stefan Bauer (l.) und den Corona-Rebellen aus der Schweiz.<br>\u2014&nbsp;in&nbsp;<strong><a href=\"https:\/\/www.facebook.com\/Konstanz-108286535862860\/?__tn__=kC*F\">Konstanz<\/a><\/strong><\/figcaption><\/figure><\/li><li class=\"blocks-gallery-item\"><figure><img data-recalc-dims=\"1\" loading=\"lazy\" decoding=\"async\" width=\"640\" height=\"480\" src=\"https:\/\/i0.wp.com\/billys-reisen.de\/wp-content\/uploads\/2020\/10\/06.jpg?resize=640%2C480\" alt=\"\" data-id=\"2830\" data-full-url=\"http:\/\/billys-reisen.de\/wp-content\/uploads\/2020\/10\/06.jpg\" data-link=\"http:\/\/billys-reisen.de\/?attachment_id=2830\" class=\"wp-image-2830\" srcset=\"https:\/\/i0.wp.com\/billys-reisen.de\/wp-content\/uploads\/2020\/10\/06.jpg?resize=1024%2C768 1024w, https:\/\/i0.wp.com\/billys-reisen.de\/wp-content\/uploads\/2020\/10\/06.jpg?resize=300%2C225 300w, https:\/\/i0.wp.com\/billys-reisen.de\/wp-content\/uploads\/2020\/10\/06.jpg?resize=150%2C113 150w, https:\/\/i0.wp.com\/billys-reisen.de\/wp-content\/uploads\/2020\/10\/06.jpg?resize=768%2C576 768w, https:\/\/i0.wp.com\/billys-reisen.de\/wp-content\/uploads\/2020\/10\/06.jpg?resize=1536%2C1152 1536w, https:\/\/i0.wp.com\/billys-reisen.de\/wp-content\/uploads\/2020\/10\/06.jpg?w=1944 1944w, https:\/\/i0.wp.com\/billys-reisen.de\/wp-content\/uploads\/2020\/10\/06.jpg?w=1280 1280w\" sizes=\"auto, (max-width: 640px) 100vw, 640px\" \/><figcaption class=\"blocks-gallery-item__caption\">Die Samstagskundgebung im Stadtpark wurde von einem breiten B\u00fcndnis organisiert: &#8222;Rettet die Kinder&#8220;, &#8222;Hand in Hand Kaiserslautern&#8220;, &#8222;Eltern f\u00fcr Aufkl\u00e4rung&#8220;, &#8222;IBAM Bayern&#8220; und &#8222;Querdenken&#8220;. Mitveranstalter &#8222;Dee&#8220; (4. v. l.) erhielt stundenlanges Stadtverbot, weil die Polizei seine befestigten Handschuhe zeitweise als &#8222;Waffe&#8220; einordnete.<br>\u2014&nbsp;in&nbsp;<strong><a href=\"https:\/\/www.facebook.com\/Konstanz-108286535862860\/?__tn__=kC*F\">Konstanz<\/a><\/strong><\/figcaption><\/figure><\/li><li class=\"blocks-gallery-item\"><figure><img data-recalc-dims=\"1\" loading=\"lazy\" decoding=\"async\" width=\"640\" height=\"480\" src=\"https:\/\/i0.wp.com\/billys-reisen.de\/wp-content\/uploads\/2020\/10\/07.jpg?resize=640%2C480\" alt=\"\" data-id=\"2831\" data-full-url=\"http:\/\/billys-reisen.de\/wp-content\/uploads\/2020\/10\/07.jpg\" data-link=\"http:\/\/billys-reisen.de\/?attachment_id=2831\" class=\"wp-image-2831\" srcset=\"https:\/\/i0.wp.com\/billys-reisen.de\/wp-content\/uploads\/2020\/10\/07.jpg?resize=1024%2C768 1024w, https:\/\/i0.wp.com\/billys-reisen.de\/wp-content\/uploads\/2020\/10\/07.jpg?resize=300%2C225 300w, https:\/\/i0.wp.com\/billys-reisen.de\/wp-content\/uploads\/2020\/10\/07.jpg?resize=150%2C113 150w, https:\/\/i0.wp.com\/billys-reisen.de\/wp-content\/uploads\/2020\/10\/07.jpg?resize=768%2C576 768w, https:\/\/i0.wp.com\/billys-reisen.de\/wp-content\/uploads\/2020\/10\/07.jpg?resize=1536%2C1152 1536w, https:\/\/i0.wp.com\/billys-reisen.de\/wp-content\/uploads\/2020\/10\/07.jpg?w=1944 1944w, https:\/\/i0.wp.com\/billys-reisen.de\/wp-content\/uploads\/2020\/10\/07.jpg?w=1280 1280w\" sizes=\"auto, (max-width: 640px) 100vw, 640px\" \/><figcaption class=\"blocks-gallery-item__caption\">Die Sonntagsdemo lief bis nach 22 Uhr.<br>\u2014&nbsp;in&nbsp;<strong><a href=\"https:\/\/www.facebook.com\/Konstanz-108286535862860\/?__tn__=kC*F\">Konstanz<\/a><\/strong><\/figcaption><\/figure><\/li><li class=\"blocks-gallery-item\"><figure><img data-recalc-dims=\"1\" loading=\"lazy\" decoding=\"async\" width=\"640\" height=\"480\" src=\"https:\/\/i0.wp.com\/billys-reisen.de\/wp-content\/uploads\/2020\/10\/08.jpg?resize=640%2C480\" alt=\"\" data-id=\"2832\" data-full-url=\"http:\/\/billys-reisen.de\/wp-content\/uploads\/2020\/10\/08.jpg\" data-link=\"http:\/\/billys-reisen.de\/?attachment_id=2832\" class=\"wp-image-2832\" srcset=\"https:\/\/i0.wp.com\/billys-reisen.de\/wp-content\/uploads\/2020\/10\/08.jpg?resize=1024%2C768 1024w, https:\/\/i0.wp.com\/billys-reisen.de\/wp-content\/uploads\/2020\/10\/08.jpg?resize=300%2C225 300w, https:\/\/i0.wp.com\/billys-reisen.de\/wp-content\/uploads\/2020\/10\/08.jpg?resize=150%2C113 150w, https:\/\/i0.wp.com\/billys-reisen.de\/wp-content\/uploads\/2020\/10\/08.jpg?resize=768%2C576 768w, https:\/\/i0.wp.com\/billys-reisen.de\/wp-content\/uploads\/2020\/10\/08.jpg?resize=1536%2C1152 1536w, https:\/\/i0.wp.com\/billys-reisen.de\/wp-content\/uploads\/2020\/10\/08.jpg?w=1944 1944w, https:\/\/i0.wp.com\/billys-reisen.de\/wp-content\/uploads\/2020\/10\/08.jpg?w=1280 1280w\" sizes=\"auto, (max-width: 640px) 100vw, 640px\" \/><figcaption class=\"blocks-gallery-item__caption\">Dr. Margarete Griesz-Brisson hatte in einem dramatischen Appell auf das Risikopotential der Masken hingewiesen, vor allem f\u00fcr Kinder:&nbsp;<a href=\"https:\/\/www.facebook.com\/billy.six.35\/posts\/3698330080177177?__tn__=-UK*F\">https:\/\/www.facebook.com\/billy.six.35\/posts\/3698330080177177<\/a>&nbsp;&#8230;<br>\u2014&nbsp;in&nbsp;<strong><a href=\"https:\/\/www.facebook.com\/Konstanz-108286535862860\/?__tn__=kC*F\">Konstanz<\/a><\/strong><\/figcaption><\/figure><\/li><li class=\"blocks-gallery-item\"><figure><img data-recalc-dims=\"1\" loading=\"lazy\" decoding=\"async\" width=\"640\" height=\"480\" src=\"https:\/\/i0.wp.com\/billys-reisen.de\/wp-content\/uploads\/2020\/10\/09.jpg?resize=640%2C480\" alt=\"\" data-id=\"2834\" data-full-url=\"http:\/\/billys-reisen.de\/wp-content\/uploads\/2020\/10\/09.jpg\" data-link=\"http:\/\/billys-reisen.de\/?attachment_id=2834\" class=\"wp-image-2834\" srcset=\"https:\/\/i0.wp.com\/billys-reisen.de\/wp-content\/uploads\/2020\/10\/09.jpg?resize=1024%2C768 1024w, https:\/\/i0.wp.com\/billys-reisen.de\/wp-content\/uploads\/2020\/10\/09.jpg?resize=300%2C225 300w, https:\/\/i0.wp.com\/billys-reisen.de\/wp-content\/uploads\/2020\/10\/09.jpg?resize=150%2C113 150w, https:\/\/i0.wp.com\/billys-reisen.de\/wp-content\/uploads\/2020\/10\/09.jpg?resize=768%2C576 768w, https:\/\/i0.wp.com\/billys-reisen.de\/wp-content\/uploads\/2020\/10\/09.jpg?resize=1536%2C1152 1536w, https:\/\/i0.wp.com\/billys-reisen.de\/wp-content\/uploads\/2020\/10\/09.jpg?w=1944 1944w, https:\/\/i0.wp.com\/billys-reisen.de\/wp-content\/uploads\/2020\/10\/09.jpg?w=1280 1280w\" sizes=\"auto, (max-width: 640px) 100vw, 640px\" \/><figcaption class=\"blocks-gallery-item__caption\">&#8230; Gefahren, die auch diesen Vater auf die Stra\u00dfe treiben.<br>\u2014&nbsp;in&nbsp;<strong><a href=\"https:\/\/www.facebook.com\/Konstanz-108286535862860\/?__tn__=kC*F\">Konstanz<\/a><\/strong><\/figcaption><\/figure><\/li><li class=\"blocks-gallery-item\"><figure><img data-recalc-dims=\"1\" loading=\"lazy\" decoding=\"async\" width=\"640\" height=\"480\" src=\"https:\/\/i0.wp.com\/billys-reisen.de\/wp-content\/uploads\/2020\/10\/10.jpg?resize=640%2C480\" alt=\"\" data-id=\"2835\" data-full-url=\"http:\/\/billys-reisen.de\/wp-content\/uploads\/2020\/10\/10.jpg\" data-link=\"http:\/\/billys-reisen.de\/?attachment_id=2835\" class=\"wp-image-2835\" srcset=\"https:\/\/i0.wp.com\/billys-reisen.de\/wp-content\/uploads\/2020\/10\/10.jpg?resize=1024%2C768 1024w, https:\/\/i0.wp.com\/billys-reisen.de\/wp-content\/uploads\/2020\/10\/10.jpg?resize=300%2C225 300w, https:\/\/i0.wp.com\/billys-reisen.de\/wp-content\/uploads\/2020\/10\/10.jpg?resize=150%2C113 150w, https:\/\/i0.wp.com\/billys-reisen.de\/wp-content\/uploads\/2020\/10\/10.jpg?resize=768%2C576 768w, https:\/\/i0.wp.com\/billys-reisen.de\/wp-content\/uploads\/2020\/10\/10.jpg?resize=1536%2C1152 1536w, https:\/\/i0.wp.com\/billys-reisen.de\/wp-content\/uploads\/2020\/10\/10.jpg?w=1944 1944w, https:\/\/i0.wp.com\/billys-reisen.de\/wp-content\/uploads\/2020\/10\/10.jpg?w=1280 1280w\" sizes=\"auto, (max-width: 640px) 100vw, 640px\" \/><figcaption class=\"blocks-gallery-item__caption\">Nebenan dabei: Dr.&nbsp;<a href=\"https:\/\/www.facebook.com\/rainer.rothfuss.9?__tn__=-]K*F\">Rainer Rothfuss<\/a>, Geograph und geopolitischer Analyst. Er warnt: &#8222;Die Welt wird China.&#8220;<br>\u2014&nbsp;in&nbsp;<strong><a href=\"https:\/\/www.facebook.com\/Konstanz-108286535862860\/?__tn__=kC*F\">Konstanz<\/a><\/strong><\/figcaption><\/figure><\/li><li class=\"blocks-gallery-item\"><figure><img data-recalc-dims=\"1\" loading=\"lazy\" decoding=\"async\" width=\"640\" height=\"480\" src=\"https:\/\/i0.wp.com\/billys-reisen.de\/wp-content\/uploads\/2020\/10\/11.jpg?resize=640%2C480\" alt=\"\" data-id=\"2836\" data-full-url=\"http:\/\/billys-reisen.de\/wp-content\/uploads\/2020\/10\/11.jpg\" data-link=\"http:\/\/billys-reisen.de\/?attachment_id=2836\" class=\"wp-image-2836\" srcset=\"https:\/\/i0.wp.com\/billys-reisen.de\/wp-content\/uploads\/2020\/10\/11.jpg?resize=1024%2C768 1024w, https:\/\/i0.wp.com\/billys-reisen.de\/wp-content\/uploads\/2020\/10\/11.jpg?resize=300%2C225 300w, https:\/\/i0.wp.com\/billys-reisen.de\/wp-content\/uploads\/2020\/10\/11.jpg?resize=150%2C113 150w, https:\/\/i0.wp.com\/billys-reisen.de\/wp-content\/uploads\/2020\/10\/11.jpg?resize=768%2C576 768w, https:\/\/i0.wp.com\/billys-reisen.de\/wp-content\/uploads\/2020\/10\/11.jpg?resize=1536%2C1152 1536w, https:\/\/i0.wp.com\/billys-reisen.de\/wp-content\/uploads\/2020\/10\/11.jpg?w=1944 1944w, https:\/\/i0.wp.com\/billys-reisen.de\/wp-content\/uploads\/2020\/10\/11.jpg?w=1280 1280w\" sizes=\"auto, (max-width: 640px) 100vw, 640px\" \/><figcaption class=\"blocks-gallery-item__caption\">Subversiver Widerstand gegen allm\u00e4chtige Propaganda.<br>\u2014&nbsp;in&nbsp;<strong><a href=\"https:\/\/www.facebook.com\/Konstanz-108286535862860\/?__tn__=kC*F\">Konstanz<\/a><\/strong><\/figcaption><\/figure><\/li><\/ul><\/figure>\n\n\n\n<figure class=\"wp-block-gallery columns-0 is-cropped wp-block-gallery-3 is-layout-flex wp-block-gallery-is-layout-flex\"><ul class=\"blocks-gallery-grid\"><\/ul><\/figure>\n","protected":false},"excerpt":{"rendered":"<p>( 14.10.20 ) Hier demonstrierten 1943 deutsche Querdenker f\u00fcr die Freilassung von Juden &#8211; und damit gegen Hitler. Sie erhielten Platzverweise, kamen jedoch immer wieder zur\u00fcck. Bis die Regierung einlenkte. ( ENG. ) &#8211; ( 1943 German women &#8211; affected &hellip; <a href=\"http:\/\/billys-reisen.de\/?p=2823\">Weiterlesen <span class=\"meta-nav\">&rarr;<\/span><\/a><\/p>\n","protected":false},"author":2,"featured_media":0,"comment_status":"closed","ping_status":"closed","sticky":false,"template":"","format":"standard","meta":{"_jetpack_memberships_contains_paid_content":false,"footnotes":""},"categories":[1],"tags":[],"class_list":["post-2823","post","type-post","status-publish","format-standard","hentry","category-allgemein"],"jetpack_featured_media_url":"","jetpack_sharing_enabled":true,"_links":{"self":[{"href":"http:\/\/billys-reisen.de\/index.php?rest_route=\/wp\/v2\/posts\/2823","targetHints":{"allow":["GET"]}}],"collection":[{"href":"http:\/\/billys-reisen.de\/index.php?rest_route=\/wp\/v2\/posts"}],"about":[{"href":"http:\/\/billys-reisen.de\/index.php?rest_route=\/wp\/v2\/types\/post"}],"author":[{"embeddable":true,"href":"http:\/\/billys-reisen.de\/index.php?rest_route=\/wp\/v2\/users\/2"}],"replies":[{"embeddable":true,"href":"http:\/\/billys-reisen.de\/index.php?rest_route=%2Fwp%2Fv2%2Fcomments&post=2823"}],"version-history":[{"count":16,"href":"http:\/\/billys-reisen.de\/index.php?rest_route=\/wp\/v2\/posts\/2823\/revisions"}],"predecessor-version":[{"id":2997,"href":"http:\/\/billys-reisen.de\/index.php?rest_route=\/wp\/v2\/posts\/2823\/revisions\/2997"}],"wp:attachment":[{"href":"http:\/\/billys-reisen.de\/index.php?rest_route=%2Fwp%2Fv2%2Fmedia&parent=2823"}],"wp:term":[{"taxonomy":"category","embeddable":true,"href":"http:\/\/billys-reisen.de\/index.php?rest_route=%2Fwp%2Fv2%2Fcategories&post=2823"},{"taxonomy":"post_tag","embeddable":true,"href":"http:\/\/billys-reisen.de\/index.php?rest_route=%2Fwp%2Fv2%2Ftags&post=2823"}],"curies":[{"name":"wp","href":"https:\/\/api.w.org\/{rel}","templated":true}]}}